{"id":4434,"date":"2026-09-04T14:21:06","date_gmt":"2026-09-04T14:21:06","guid":{"rendered":"https:\/\/imo.udec.cl\/?p=4434"},"modified":"2026-09-04T14:21:07","modified_gmt":"2026-09-04T14:21:07","slug":"congreso-regional-explora-biobio-imo-llevo-el-oceano-profundo-a-mas-de-150-estudiantes","status":"publish","type":"post","link":"https:\/\/imo.udec.cl\/en\/congreso-regional-explora-biobio-imo-llevo-el-oceano-profundo-a-mas-de-150-estudiantes\/","title":{"rendered":"Congreso Regional Explora Biob\u00edo: IMO llev\u00f3 el oc\u00e9ano profundo a m\u00e1s de 150 estudiantes"},"content":{"rendered":"<p class=\"wp-block-paragraph\"><em>M\u00e1s de un centenar de estudiantes de establecimientos educativos de la regi\u00f3n se dieron cita en Concepci\u00f3n para presentar sus proyectos de investigaci\u00f3n cient\u00edfica. El Instituto Milenio de Oceanograf\u00eda estuvo presente con un stand interactivo.<\/em><\/p>\n\n\n\n<p class=\"wp-block-paragraph\">El pasado 27 de agosto, el Gimnasio Municipal del Estadio Ester Roa de Concepci\u00f3n reuni\u00f3 a m\u00e1s de 150 estudiantes y docentes de 70 comunidades educativas de comunas del Biob\u00edo en la nueva versi\u00f3n del <strong>Congreso Regional de Investigaci\u00f3n e Innovaci\u00f3n Escolar (IIE)<\/strong> del <strong>PAR Explora Biob\u00edo<\/strong>.<\/p>\n\n\n\n<p class=\"wp-block-paragraph\">En ese contexto, el <strong>Millennium Institute of Oceanography (IMO)<\/strong> particip\u00f3 a trav\u00e9s de un stand interactivo de divulgaci\u00f3n cient\u00edfica, permitiendo a sus asistentes conocer su investigaci\u00f3n y adentrarse en los misterios del oc\u00e9ano profundo.<\/p>\n\n\n\n<p class=\"wp-block-paragraph\">Para el equipo del IMO, la instancia fue sumamente enriquecedora y permiti\u00f3 un di\u00e1logo directo con j\u00f3venes que son parte de la iniciativa. <strong>Felipe Gamonal<\/strong>, <strong>bi\u00f3logo marino<\/strong> y <strong>profesional de extensi\u00f3n<\/strong> del centro, enfatiza que \u00ab<em>existe una conexi\u00f3n muy natural, pues nosotros podemos mostrarles c\u00f3mo se hace la investigaci\u00f3n, compartir nuestros descubrimientos y experiencias en expediciones cient\u00edficas, pero tambi\u00e9n escuchar sus preguntas y aprender de c\u00f3mo ellos llegaron, a trav\u00e9s de la curiosidad, a sus preguntas cient\u00edficas<\/em>\u00ab.<\/p>\n\n\n\n<p class=\"wp-block-paragraph\"><em>\u201cSiempre hemos cre\u00eddo que generar conocimiento de frontera sobre el oc\u00e9ano es muy importante y prioritario para el instituto, pero tambi\u00e9n lo es lograr que ese conocimiento salga de los laboratorios y de las publicaciones cient\u00edficas y pueda ser compartido, comprendido y apropiado por la sociedad y sobre todo por la comunidad escolar\u201d,<\/em> a\u00f1adi\u00f3.<\/p>\n\n\n\n<figure class=\"wp-block-gallery has-nested-images columns-default is-cropped wp-block-gallery-1 is-layout-flex wp-block-gallery-is-layout-flex\">\n<figure class=\"wp-block-image size-large\"><img fetchpriority=\"high\" decoding=\"async\" width=\"1024\" height=\"866\" data-id=\"4436\" src=\"https:\/\/imo.udec.cl\/wp-content\/uploads\/2026\/09\/Foto_3-1024x866.jpg\" alt=\"\" class=\"wp-image-4436\" srcset=\"https:\/\/imo.udec.cl\/wp-content\/uploads\/2026\/09\/Foto_3-1024x866.jpg 1024w, https:\/\/imo.udec.cl\/wp-content\/uploads\/2026\/09\/Foto_3-300x254.jpg 300w, https:\/\/imo.udec.cl\/wp-content\/uploads\/2026\/09\/Foto_3-767x649.jpg 767w, https:\/\/imo.udec.cl\/wp-content\/uploads\/2026\/09\/Foto_3-14x12.jpg 14w, https:\/\/imo.udec.cl\/wp-content\/uploads\/2026\/09\/Foto_3.jpg 1200w\" sizes=\"(max-width: 1024px) 100vw, 1024px\" \/><\/figure>\n\n\n\n<figure class=\"wp-block-image size-large\"><img decoding=\"async\" width=\"1024\" height=\"866\" data-id=\"4437\" src=\"https:\/\/imo.udec.cl\/wp-content\/uploads\/2026\/09\/Foto_2-1024x866.jpg\" alt=\"\" class=\"wp-image-4437\" srcset=\"https:\/\/imo.udec.cl\/wp-content\/uploads\/2026\/09\/Foto_2-1024x866.jpg 1024w, https:\/\/imo.udec.cl\/wp-content\/uploads\/2026\/09\/Foto_2-300x254.jpg 300w, https:\/\/imo.udec.cl\/wp-content\/uploads\/2026\/09\/Foto_2-767x649.jpg 767w, https:\/\/imo.udec.cl\/wp-content\/uploads\/2026\/09\/Foto_2-14x12.jpg 14w, https:\/\/imo.udec.cl\/wp-content\/uploads\/2026\/09\/Foto_2.jpg 1200w\" sizes=\"(max-width: 1024px) 100vw, 1024px\" \/><\/figure>\n<\/figure>\n\n\n\n<h2 class=\"wp-block-heading\"><strong>Una alianza consolidada<\/strong><\/h2>\n\n\n\n<p class=\"wp-block-paragraph\">La participaci\u00f3n de IMO (financiado por ANID) responde a una colaboraci\u00f3n de larga data con el PAR Explora Biob\u00edo, programa financiado por el <strong>Ministerio de Ciencia, Tecnolog\u00eda, Conocimiento e Innovaci\u00f3n (CTCI)<\/strong> y ejecutado por el <strong>Centro Interactivo de Ciencias, Artes y Tecnolog\u00edas (CICAT)<\/strong> de la <strong>University of Concepci\u00f3n<\/strong>, que ha permitido al instituto ampliar el alcance de su labor de divulgaci\u00f3n y conectar con comunidades educativas de toda la regi\u00f3n.<\/p>\n\n\n\n<p class=\"wp-block-paragraph\">En palabras de Gamonal, participar de estas instancias \u201c<em>consolidan y posicionan al IMO en un entorno de colaboraci\u00f3n multi-institucional que tiene como objetivo principal despertar curiosidad, fortalecer la cultura cient\u00edfica y mostrarles a las nuevas generaciones que la exploraci\u00f3n y el conocimiento cient\u00edfico es indispensable para su futuro<\/em>\u201d.<\/p>\n\n\n\n<p class=\"wp-block-paragraph\">Consultado por la experiencia del Congreso Regional, el profesional de extensi\u00f3n valor\u00f3 \u201c<em>el entusiasmo y la curiosidad que mostraron los estudiantes al acercarse al stand. Adem\u00e1s, debido al trabajo en divulgaci\u00f3n que lleva haciendo el IMO, varios de ellos, sobre todo los profesores, ya nos reconocen por nuestra participaci\u00f3n en otras instancias con la comunidad escolar. Al final, el objetivo del Stand IMO no es solamente entregar informaci\u00f3n del instituto, sino una invitaci\u00f3n a explorar y descubrir el oc\u00e9ano profundo desde distintas perspectivas\u201d.<\/em><\/p>","protected":false},"excerpt":{"rendered":"<p>M\u00e1s de un centenar de estudiantes de establecimientos educativos de la regi\u00f3n se dieron cita en Concepci\u00f3n para presentar sus proyectos de investigaci\u00f3n cient\u00edfica. El Instituto Milenio de Oceanograf\u00eda estuvo presente con un stand interactivo. El pasado 27 de agosto, el Gimnasio Municipal del Estadio Ester Roa de Concepci\u00f3n reuni\u00f3 a m\u00e1s de 150 estudiantes [&hellip;]<\/p>\n","protected":false},"author":6,"featured_media":4435,"comment_status":"open","ping_status":"closed","sticky":false,"template":"","format":"standard","meta":{"page_builder":"","footnotes":""},"categories":[69,67,1],"tags":[],"class_list":["post-4434","post","type-post","status-publish","format-standard","has-post-thumbnail","hentry","category-2026-noticias","category-noticias","category-uncategorized"],"_links":{"self":[{"href":"https:\/\/imo.udec.cl\/en\/wp-json\/wp\/v2\/posts\/4434","targetHints":{"allow":["GET"]}}],"collection":[{"href":"https:\/\/imo.udec.cl\/en\/wp-json\/wp\/v2\/posts"}],"about":[{"href":"https:\/\/imo.udec.cl\/en\/wp-json\/wp\/v2\/types\/post"}],"author":[{"embeddable":true,"href":"https:\/\/imo.udec.cl\/en\/wp-json\/wp\/v2\/users\/6"}],"replies":[{"embeddable":true,"href":"https:\/\/imo.udec.cl\/en\/wp-json\/wp\/v2\/comments?post=4434"}],"version-history":[{"count":1,"href":"https:\/\/imo.udec.cl\/en\/wp-json\/wp\/v2\/posts\/4434\/revisions"}],"predecessor-version":[{"id":4438,"href":"https:\/\/imo.udec.cl\/en\/wp-json\/wp\/v2\/posts\/4434\/revisions\/4438"}],"wp:featuredmedia":[{"embeddable":true,"href":"https:\/\/imo.udec.cl\/en\/wp-json\/wp\/v2\/media\/4435"}],"wp:attachment":[{"href":"https:\/\/imo.udec.cl\/en\/wp-json\/wp\/v2\/media?parent=4434"}],"wp:term":[{"taxonomy":"category","embeddable":true,"href":"https:\/\/imo.udec.cl\/en\/wp-json\/wp\/v2\/categories?post=4434"},{"taxonomy":"post_tag","embeddable":true,"href":"https:\/\/imo.udec.cl\/en\/wp-json\/wp\/v2\/tags?post=4434"}],"curies":[{"name":"wp","href":"https:\/\/api.w.org\/{rel}","templated":true}]}}