{"id":4423,"date":"2026-09-04T03:32:28","date_gmt":"2026-09-04T03:32:28","guid":{"rendered":"https:\/\/imo.udec.cl\/?p=4423"},"modified":"2026-09-04T03:32:29","modified_gmt":"2026-09-04T03:32:29","slug":"concurrida-y-participativa-sincronia-tuvo-exitosa-exhibicion-en-udec-santiago","status":"publish","type":"post","link":"https:\/\/imo.udec.cl\/en\/concurrida-y-participativa-sincronia-tuvo-exitosa-exhibicion-en-udec-santiago\/","title":{"rendered":"Concurrida y participativa: \u00abSincron\u00eda\u00bb tuvo exitosa exhibici\u00f3n en UdeC Santiago"},"content":{"rendered":"<p class=\"wp-block-paragraph\"><em>La capital se convirti\u00f3 en la primera parada de la gira nacional de las pel\u00edculas ganadoras del 4\u00b0 Festival Internacional de Cine del Mar, ofreciendo una instancia de conversaci\u00f3n con la cineasta.<\/em><\/p>\n\n\n\n<p class=\"wp-block-paragraph\">Con una convocatoria que super\u00f3 las 80 personas, este mi\u00e9rcoles se realiz\u00f3 la funci\u00f3n especial de <strong><em>\u00abSincron\u00eda\u00bb (2024)<\/em><\/strong>, largometraje ganador del <strong>4\u00b0 Festival Internacional de Cine del Mar (MarCineFest)<\/strong>, seguida de un conversatorio en vivo con su directora, Caro Bloj.<\/p>\n\n\n\n<p class=\"wp-block-paragraph\">La actividad, organizada por el <strong>Millennium Institute of Oceanography (IMO)<\/strong> y el <strong>Instituto Oc\u00e9anos de la Universidad de Concepci\u00f3n (UdeC)<\/strong>, con el apoyo de la <strong>Unidad Santiago UdeC<\/strong>, marc\u00f3 el inicio de la gira de las cintas ganadoras por distintas ciudades del pa\u00eds, luego de su paso por el festival.<\/p>\n\n\n\n<p class=\"wp-block-paragraph\">Un p\u00fablico numeroso y comprometido se dio cita en el Auditorio UdeC Santiago en Providencia donde, tras la proyecci\u00f3n, se gener\u00f3 un intercambio directo entre la directora y los asistentes, quienes prolongaron la conversaci\u00f3n despu\u00e9s de finalizada la actividad.<\/p>\n\n\n\n<p class=\"wp-block-paragraph\">La directora de la unidad de la Universidad de Concepci\u00f3n en Santiago, <strong>Marcela Angulo<\/strong>, destac\u00f3 la respuesta de la comunidad ante la convocatoria: \u00ab<em>mucha gente acudi\u00f3 a nuestra invitaci\u00f3n, atra\u00edda por la posibilidad de compartir con la propia realizadora y saber cu\u00e1les fueron las inspiraciones y elementos que la llevaron a hacer esta pel\u00edcula que narra la historia de dos mujeres que tienen distintas aproximaciones, pero con un muy importante v\u00ednculo con el mar<\/em>\u00ab.&nbsp;<\/p>\n\n\n\n<p class=\"wp-block-paragraph\">\u00ab<em>Creo que fue una linda oportunidad el poder traer el Festival de Cine del Mar a Santiago, sabemos que este es el primero de varias exhibiciones que se van a hacer en otras ciudades del pa\u00eds y para nosotros fue un placer acoger esta actividad<\/em>\u00ab, agreg\u00f3.<\/p>\n\n\n\n<p class=\"wp-block-paragraph\">Para la directora del documental, <strong>Caro Bloj<\/strong>, el encuentro de hoy tuvo un valor especial por el tipo de p\u00fablico que convoc\u00f3: <em>\u201ca uno le interesa escuchar como nuevas miradas de una pel\u00edcula \u2014que uno pensar\u00eda que ya ha escuchado todo\u2014 y siempre te sorprende. Lo he disfrutado much\u00edsimo\u00bb.<\/em><\/p>\n\n\n\n<p class=\"wp-block-paragraph\"><em>\u00abYo encuentro muy importante que se generen estos encuentros. Siempre son p\u00fablicos distintos los que asisten a cada exhibici\u00f3n y me interesa mucho ver la opini\u00f3n que puedan tener de la pel\u00edcula\u00bb,<\/em> reflexion\u00f3.<\/p>\n\n\n\n<figure class=\"wp-block-gallery has-nested-images columns-default is-cropped wp-block-gallery-1 is-layout-flex wp-block-gallery-is-layout-flex\">\n<figure class=\"wp-block-image size-large\"><img fetchpriority=\"high\" decoding=\"async\" width=\"1024\" height=\"768\" data-id=\"4426\" src=\"https:\/\/imo.udec.cl\/wp-content\/uploads\/2026\/09\/WhatsApp-Image-2026-09-03-at-11.27.46-PM-3-1024x768.jpeg\" alt=\"\" class=\"wp-image-4426\" srcset=\"https:\/\/imo.udec.cl\/wp-content\/uploads\/2026\/09\/WhatsApp-Image-2026-09-03-at-11.27.46-PM-3-1024x768.jpeg 1024w, https:\/\/imo.udec.cl\/wp-content\/uploads\/2026\/09\/WhatsApp-Image-2026-09-03-at-11.27.46-PM-3-300x225.jpeg 300w, https:\/\/imo.udec.cl\/wp-content\/uploads\/2026\/09\/WhatsApp-Image-2026-09-03-at-11.27.46-PM-3-768x576.jpeg 768w, https:\/\/imo.udec.cl\/wp-content\/uploads\/2026\/09\/WhatsApp-Image-2026-09-03-at-11.27.46-PM-3-16x12.jpeg 16w, https:\/\/imo.udec.cl\/wp-content\/uploads\/2026\/09\/WhatsApp-Image-2026-09-03-at-11.27.46-PM-3.jpeg 1280w\" sizes=\"(max-width: 1024px) 100vw, 1024px\" \/><\/figure>\n\n\n\n<figure class=\"wp-block-image size-large\"><img decoding=\"async\" width=\"1024\" height=\"768\" data-id=\"4428\" src=\"https:\/\/imo.udec.cl\/wp-content\/uploads\/2026\/09\/WhatsApp-Image-2026-09-03-at-11.27.46-PM-2-1-1024x768.jpeg\" alt=\"\" class=\"wp-image-4428\" srcset=\"https:\/\/imo.udec.cl\/wp-content\/uploads\/2026\/09\/WhatsApp-Image-2026-09-03-at-11.27.46-PM-2-1-1024x768.jpeg 1024w, https:\/\/imo.udec.cl\/wp-content\/uploads\/2026\/09\/WhatsApp-Image-2026-09-03-at-11.27.46-PM-2-1-300x225.jpeg 300w, https:\/\/imo.udec.cl\/wp-content\/uploads\/2026\/09\/WhatsApp-Image-2026-09-03-at-11.27.46-PM-2-1-768x576.jpeg 768w, https:\/\/imo.udec.cl\/wp-content\/uploads\/2026\/09\/WhatsApp-Image-2026-09-03-at-11.27.46-PM-2-1-16x12.jpeg 16w, https:\/\/imo.udec.cl\/wp-content\/uploads\/2026\/09\/WhatsApp-Image-2026-09-03-at-11.27.46-PM-2-1.jpeg 1280w\" sizes=\"(max-width: 1024px) 100vw, 1024px\" \/><\/figure>\n\n\n\n<figure class=\"wp-block-image size-large\"><img decoding=\"async\" width=\"1024\" height=\"768\" data-id=\"4427\" src=\"https:\/\/imo.udec.cl\/wp-content\/uploads\/2026\/09\/WhatsApp-Image-2026-09-03-at-11.27.46-PM-1-1024x768.jpeg\" alt=\"\" class=\"wp-image-4427\" srcset=\"https:\/\/imo.udec.cl\/wp-content\/uploads\/2026\/09\/WhatsApp-Image-2026-09-03-at-11.27.46-PM-1-1024x768.jpeg 1024w, https:\/\/imo.udec.cl\/wp-content\/uploads\/2026\/09\/WhatsApp-Image-2026-09-03-at-11.27.46-PM-1-300x225.jpeg 300w, https:\/\/imo.udec.cl\/wp-content\/uploads\/2026\/09\/WhatsApp-Image-2026-09-03-at-11.27.46-PM-1-768x576.jpeg 768w, https:\/\/imo.udec.cl\/wp-content\/uploads\/2026\/09\/WhatsApp-Image-2026-09-03-at-11.27.46-PM-1-16x12.jpeg 16w, https:\/\/imo.udec.cl\/wp-content\/uploads\/2026\/09\/WhatsApp-Image-2026-09-03-at-11.27.46-PM-1.jpeg 1280w\" sizes=\"(max-width: 1024px) 100vw, 1024px\" \/><\/figure>\n<\/figure>\n\n\n\n<h2 class=\"wp-block-heading\"><strong>Historias que se vinculan con el mar<\/strong><\/h2>\n\n\n\n<p class=\"wp-block-paragraph\">\u00abSincron\u00eda\u00bb narra las historias de Ilka Paulens, pescadora y sobreviviente de un tsunami en la isla Robinson Crusoe, y B\u00e1rbara Hern\u00e1ndez, campeona mundial de nataci\u00f3n en aguas g\u00e9lidas que complet\u00f3 el doble cruce del Canal de Santa Catalina y se convirti\u00f3 en la segunda mujer y cuarta persona en la historia en conquistar la Doble Triple Corona de Nataci\u00f3n en Aguas Abiertas. A trav\u00e9s de sus vidas, el filme explora dos formas opuestas de habitar y relacionarse con el agua, en un relato que transita entre la libertad, el desaf\u00edo, el goce y el peligro.<\/p>\n\n\n\n<p class=\"wp-block-paragraph\">La exhibici\u00f3n del documental inicia la gira de pel\u00edculas galardonadas en la \u00faltima edici\u00f3n del Festival Internacional de Cine del Mar. La muestra continuar\u00e1 durante los meses de octubre y noviembre en Antofagasta y Valdivia respectivamente.<\/p>\n\n\n\n<p class=\"wp-block-paragraph\">As\u00ed lo se\u00f1ala el director de MarCineFest, <strong>Pablo Rosenblatt<\/strong>, quien complementa que \u00abesta es la primera estaci\u00f3n y estamos muy contentos por la convocatoria, la pel\u00edcula fue muy bien recibida y tuvimos la oportunidad de estar con la directora, lo que nos permite conocer el proceso creativo detr\u00e1s, ya sea en t\u00e9rminos de im\u00e1genes, narrativa y banda sonora\u00bb.<\/p>\n\n\n\n<p class=\"wp-block-paragraph\">En la misma l\u00ednea, el coordinador ejecutivo del Instituto Oc\u00e9anos UdeC, <strong>Marcelo Fuentes<\/strong>, valor\u00f3 la reacci\u00f3n del p\u00fablico como una confirmaci\u00f3n del sentido de este tipo de instancias: \u00abnos queda muy claro de que traer el Festival Internacional de Cine fue una s\u00faper buena decisi\u00f3n y nos da la visi\u00f3n de que son espacios necesarios. Como Instituto Oc\u00e9anos estamos contentos de poder impulsar esta iniciativa\u00bb.<\/p>\n\n\n\n<p class=\"wp-block-paragraph\">La jornada culmin\u00f3 con un <em>coffee break<\/em> que permiti\u00f3 a los asistentes prolongar el di\u00e1logo con la directora y los equipos organizadores, cerrando as\u00ed la primera parada de la gira nacional de MarCineFest.<\/p>\n\n\n\n<figure class=\"wp-block-gallery has-nested-images columns-default is-cropped wp-block-gallery-2 is-layout-flex wp-block-gallery-is-layout-flex\">\n<figure class=\"wp-block-image size-large\"><img loading=\"lazy\" decoding=\"async\" width=\"1024\" height=\"768\" data-id=\"4430\" src=\"https:\/\/imo.udec.cl\/wp-content\/uploads\/2026\/09\/WhatsApp-Image-2026-09-03-at-11.27.45-PM-2-1024x768.jpeg\" alt=\"\" class=\"wp-image-4430\" srcset=\"https:\/\/imo.udec.cl\/wp-content\/uploads\/2026\/09\/WhatsApp-Image-2026-09-03-at-11.27.45-PM-2-1024x768.jpeg 1024w, https:\/\/imo.udec.cl\/wp-content\/uploads\/2026\/09\/WhatsApp-Image-2026-09-03-at-11.27.45-PM-2-768x576.jpeg 768w, https:\/\/imo.udec.cl\/wp-content\/uploads\/2026\/09\/WhatsApp-Image-2026-09-03-at-11.27.45-PM-2-300x225.jpeg 300w, https:\/\/imo.udec.cl\/wp-content\/uploads\/2026\/09\/WhatsApp-Image-2026-09-03-at-11.27.45-PM-2-16x12.jpeg 16w, https:\/\/imo.udec.cl\/wp-content\/uploads\/2026\/09\/WhatsApp-Image-2026-09-03-at-11.27.45-PM-2.jpeg 1280w\" sizes=\"(max-width: 1024px) 100vw, 1024px\" \/><\/figure>\n\n\n\n<figure class=\"wp-block-image size-large\"><img loading=\"lazy\" decoding=\"async\" width=\"1024\" height=\"768\" data-id=\"4429\" src=\"https:\/\/imo.udec.cl\/wp-content\/uploads\/2026\/09\/WhatsApp-Image-2026-09-03-at-11.27.45-PM-1-1024x768.jpeg\" alt=\"\" class=\"wp-image-4429\" srcset=\"https:\/\/imo.udec.cl\/wp-content\/uploads\/2026\/09\/WhatsApp-Image-2026-09-03-at-11.27.45-PM-1-1024x768.jpeg 1024w, https:\/\/imo.udec.cl\/wp-content\/uploads\/2026\/09\/WhatsApp-Image-2026-09-03-at-11.27.45-PM-1-300x225.jpeg 300w, https:\/\/imo.udec.cl\/wp-content\/uploads\/2026\/09\/WhatsApp-Image-2026-09-03-at-11.27.45-PM-1-16x12.jpeg 16w, https:\/\/imo.udec.cl\/wp-content\/uploads\/2026\/09\/WhatsApp-Image-2026-09-03-at-11.27.45-PM-1-768x576.jpeg 768w, https:\/\/imo.udec.cl\/wp-content\/uploads\/2026\/09\/WhatsApp-Image-2026-09-03-at-11.27.45-PM-1.jpeg 1280w\" sizes=\"(max-width: 1024px) 100vw, 1024px\" \/><\/figure>\n\n\n\n<figure class=\"wp-block-image size-large\"><img loading=\"lazy\" decoding=\"async\" width=\"1024\" height=\"768\" data-id=\"4431\" src=\"https:\/\/imo.udec.cl\/wp-content\/uploads\/2026\/09\/WhatsApp-Image-2026-09-03-at-11.27.45-PM-1024x768.jpeg\" alt=\"\" class=\"wp-image-4431\" srcset=\"https:\/\/imo.udec.cl\/wp-content\/uploads\/2026\/09\/WhatsApp-Image-2026-09-03-at-11.27.45-PM-1024x768.jpeg 1024w, https:\/\/imo.udec.cl\/wp-content\/uploads\/2026\/09\/WhatsApp-Image-2026-09-03-at-11.27.45-PM-768x576.jpeg 768w, https:\/\/imo.udec.cl\/wp-content\/uploads\/2026\/09\/WhatsApp-Image-2026-09-03-at-11.27.45-PM-300x225.jpeg 300w, https:\/\/imo.udec.cl\/wp-content\/uploads\/2026\/09\/WhatsApp-Image-2026-09-03-at-11.27.45-PM-16x12.jpeg 16w, https:\/\/imo.udec.cl\/wp-content\/uploads\/2026\/09\/WhatsApp-Image-2026-09-03-at-11.27.45-PM.jpeg 1280w\" sizes=\"(max-width: 1024px) 100vw, 1024px\" \/><\/figure>\n<\/figure>","protected":false},"excerpt":{"rendered":"<p>La capital se convirti\u00f3 en la primera parada de la gira nacional de las pel\u00edculas ganadoras del 4\u00b0 Festival Internacional de Cine del Mar, ofreciendo una instancia de conversaci\u00f3n con la cineasta. Con una convocatoria que super\u00f3 las 80 personas, este mi\u00e9rcoles se realiz\u00f3 la funci\u00f3n especial de \u00abSincron\u00eda\u00bb (2024), largometraje ganador del 4\u00b0 Festival [&hellip;]<\/p>\n","protected":false},"author":6,"featured_media":4425,"comment_status":"open","ping_status":"closed","sticky":false,"template":"","format":"standard","meta":{"page_builder":"","footnotes":""},"categories":[69,67],"tags":[],"class_list":["post-4423","post","type-post","status-publish","format-standard","has-post-thumbnail","hentry","category-2026-noticias","category-noticias"],"_links":{"self":[{"href":"https:\/\/imo.udec.cl\/en\/wp-json\/wp\/v2\/posts\/4423","targetHints":{"allow":["GET"]}}],"collection":[{"href":"https:\/\/imo.udec.cl\/en\/wp-json\/wp\/v2\/posts"}],"about":[{"href":"https:\/\/imo.udec.cl\/en\/wp-json\/wp\/v2\/types\/post"}],"author":[{"embeddable":true,"href":"https:\/\/imo.udec.cl\/en\/wp-json\/wp\/v2\/users\/6"}],"replies":[{"embeddable":true,"href":"https:\/\/imo.udec.cl\/en\/wp-json\/wp\/v2\/comments?post=4423"}],"version-history":[{"count":1,"href":"https:\/\/imo.udec.cl\/en\/wp-json\/wp\/v2\/posts\/4423\/revisions"}],"predecessor-version":[{"id":4432,"href":"https:\/\/imo.udec.cl\/en\/wp-json\/wp\/v2\/posts\/4423\/revisions\/4432"}],"wp:featuredmedia":[{"embeddable":true,"href":"https:\/\/imo.udec.cl\/en\/wp-json\/wp\/v2\/media\/4425"}],"wp:attachment":[{"href":"https:\/\/imo.udec.cl\/en\/wp-json\/wp\/v2\/media?parent=4423"}],"wp:term":[{"taxonomy":"category","embeddable":true,"href":"https:\/\/imo.udec.cl\/en\/wp-json\/wp\/v2\/categories?post=4423"},{"taxonomy":"post_tag","embeddable":true,"href":"https:\/\/imo.udec.cl\/en\/wp-json\/wp\/v2\/tags?post=4423"}],"curies":[{"name":"wp","href":"https:\/\/api.w.org\/{rel}","templated":true}]}}